{"id":3093,"date":"2017-01-04T13:03:00","date_gmt":"2017-01-04T13:03:00","guid":{"rendered":"http:\/\/www.vitorgordo.pt\/?p=3093"},"modified":"2017-08-03T15:42:52","modified_gmt":"2017-08-03T15:42:52","slug":"video-casamento-pestana-palace-lisboa","status":"publish","type":"post","link":"https:\/\/www.vitorgordo.pt\/pt-pt\/video-casamento-pestana-palace-lisboa\/","title":{"rendered":"Rita + Bernardo | Pestana Palace"},"content":{"rendered":"<p style=\"text-align: center;\"><strong>V\u00eddeo de casamento<br \/>\n<\/strong><\/p>\n<p style=\"text-align: center;\">Rita + Bernardo<\/p>\n<p style=\"text-align: justify;\">Tudo come\u00e7ou uns meses antes quando conhecemos a Rita e o Bernardo numa das \u00a0suas visitas a Lisboa. Actualmente a viver em Paris decidiram casar na Bas\u00edlica da Estrela em Lisboa numa cerim\u00f3nia religiosa muito bonita e a festa continuou num local absolutamente fant\u00e1stico , o Pestana Palace. A noiva escolheu um vestido \u00fanico , criado \u00e0 medida pelo designer Gio Rodrigues para este dia t\u00e3o especial.<\/p>\n<p style=\"text-align: justify;\">Tivemos imenso prazer em estar presentes num casamento sofisticado e alegre como este, com discursos muito emotivos e com o amor como ingrediente principal. As imagens falam por si.<\/p>\n<p style=\"text-align: justify;\">A fotografia ficou a cargo do nosso amigo <a href=\"http:\/\/www.ahfotografia.com\/\">Andr\u00e9 Henriques<\/a>.<\/p>\n<p style=\"text-align: center;\">&#8212;&#8212;&#8212;&#8212;&#8211;<\/p>\n<p style=\"text-align: center;\"><strong>Wedding Teaser<br \/>\n<\/strong><\/p>\n<p style=\"text-align: justify;\">It all started a few months ago when we met Rita and Bernardo at one of their visits to Lisbon . Currently living in Paris they decided to get married at the Basilica da Estrela in Lisbon. They had a beautiful religious ceremony and the party continued in an absolutely fantastic location ,\u00a0 the Pestana Palace . <span id=\"result_box\" class=\"\" lang=\"en\"><span class=\"hps\">The bride<\/span> <span class=\"hps\">chose<\/span> <span class=\"hps\">a single<\/span> <span class=\"hps\">dress,<\/span> <span class=\"hps\">created<\/span> <span class=\"hps\">by<\/span> <span class=\"hps\">Gio<\/span> <span class=\"hps\">Rodrigues<\/span> <span class=\"hps\">for her<\/span> <span class=\"hps\">special day.<\/span><\/span><\/p>\n<p style=\"text-align: justify;\"><span class=\"hps\">We<\/span> <span class=\"hps\">are delighted to<\/span> <span class=\"hps\">be present in a<\/span> <span class=\"hps\">sophisticated and<\/span> joyful<span class=\"hps\"> wedding<\/span> <span class=\"hps\">like this, with<\/span> <span class=\"hps\">very<\/span> <span class=\"hps\">emotive<\/span> <span class=\"hps\">speeches<\/span> <span class=\"hps\">and love<\/span> <span class=\"hps\">as the main ingredient<\/span>. <span class=\"hps\">The images speak for themselves.<\/span><\/p>\n<p style=\"text-align: justify;\"><span id=\"result_box\" class=\"short_text\" lang=\"en\"><span class=\"hps\">The photography<\/span> <span class=\"hps\">was provided by<\/span> <span class=\"hps\">our friend <a href=\"http:\/\/www.ahfotografia.com\/\">Andr\u00e9 Henriques<\/a>.<br \/>\n<\/span><\/span><\/p>\n<p style=\"text-align: center;\"><strong>Venue :<\/strong> <a href=\"http:\/\/www.pestana.com\/pt\/hotel\/pestana-palace\">Pestana Palace Lisbon<\/a><\/p>\n<p style=\"text-align: center;\"><strong>Cerim\u00f3nia \/ Ceremony :<\/strong> <a href=\"https:\/\/pt.wikipedia.org\/wiki\/Bas%C3%ADlica_da_Estrela\">Bas\u00edlica da Estrela<\/a><\/p>\n<p style=\"text-align: center;\"><strong>Vestido \/Dress :<\/strong> <a href=\"http:\/\/giorodrigues.com\/\">Gio Rodrigues<\/a><\/p>\n<div class=\"video-container-embeded\"><iframe title=\"Rita e Bernardo \/\/ Wedding Teaser\" src=\"https:\/\/player.vimeo.com\/video\/151792038?dnt=1&amp;app_id=122963\" width=\"1200\" height=\"675\" frameborder=\"0\" allow=\"autoplay; fullscreen\" allowfullscreen><\/iframe><\/div>\n","protected":false},"excerpt":{"rendered":"<p>V\u00eddeo de casamento Rita + Bernardo Tudo come\u00e7ou uns meses antes quando conhecemos a Rita e o Bernardo numa das \u00a0suas visitas a Lisboa. Actualmente a viver em Paris decidiram casar na Bas\u00edlica da Estrela em Lisboa numa cerim\u00f3nia religiosa muito bonita e a festa continuou num local absolutamente fant\u00e1stico , o Pestana Palace. A &#8230;<\/p>\n","protected":false},"author":1,"featured_media":3639,"comment_status":"open","ping_status":"open","sticky":false,"template":"","format":"video","meta":[],"categories":[196,216,249,234],"tags":[289,286,288,311,198,319,227,255,277,222],"yoast_head":"<!-- This site is optimized with the Yoast SEO Premium plugin v15.7 - https:\/\/yoast.com\/wordpress\/plugins\/seo\/ -->\n<title>Rita + Bernardo | Pestana Palace &ndash; Vitor Gordo | Fot\u00f3grafo de Casamento Portugal<\/title>\n<meta name=\"description\" content=\"V\u00eddeo de Casamento no Pestana Palace em Lisboa. Mais de 200 convidados numa festa bonita e simples naquele que \u00e9 um dos melhores hot\u00e9is de Portugal.\" \/>\n<meta name=\"robots\" content=\"index, follow, max-snippet:-1, max-image-preview:large, max-video-preview:-1\" \/>\n<link rel=\"canonical\" href=\"https:\/\/www.vitorgordo.pt\/pt-pt\/video-casamento-pestana-palace-lisboa\/\" \/>\n<meta property=\"og:locale\" content=\"pt_PT\" \/>\n<meta property=\"og:type\" content=\"article\" \/>\n<meta property=\"og:title\" content=\"Rita + Bernardo | Pestana Palace &ndash; Vitor Gordo | Fot\u00f3grafo de Casamento Portugal\" \/>\n<meta property=\"og:description\" content=\"V\u00eddeo de Casamento no Pestana Palace em Lisboa. Mais de 200 convidados numa festa bonita e simples naquele que \u00e9 um dos melhores hot\u00e9is de Portugal.\" \/>\n<meta property=\"og:url\" content=\"https:\/\/www.vitorgordo.pt\/pt-pt\/video-casamento-pestana-palace-lisboa\/\" \/>\n<meta property=\"og:site_name\" content=\"Vitor Gordo | Fot\u00f3grafo de Casamento Portugal\" \/>\n<meta property=\"article:publisher\" content=\"https:\/\/www.facebook.com\/vitorgordophoto\" \/>\n<meta property=\"article:published_time\" content=\"2017-01-04T13:03:00+00:00\" \/>\n<meta property=\"article:modified_time\" content=\"2017-08-03T15:42:52+00:00\" \/>\n<meta property=\"og:image\" content=\"https:\/\/www.vitorgordo.pt\/wp-content\/uploads\/2016\/02\/MG_9693.jpg\" \/>\n\t<meta property=\"og:image:width\" content=\"2560\" \/>\n\t<meta property=\"og:image:height\" content=\"1707\" \/>\n<meta name=\"twitter:card\" content=\"summary\" \/>\n<meta name=\"twitter:label1\" content=\"Tempo estimado de leitura\">\n\t<meta name=\"twitter:data1\" content=\"1 minuto\">\n<script type=\"application\/ld+json\" class=\"yoast-schema-graph\">{\"@context\":\"https:\/\/schema.org\",\"@graph\":[{\"@type\":\"Organization\",\"@id\":\"https:\/\/www.vitorgordo.pt\/pt-pt\/#organization\",\"name\":\"Vitor Gordo Photography\",\"url\":\"https:\/\/www.vitorgordo.pt\/pt-pt\/\",\"sameAs\":[\"https:\/\/www.facebook.com\/vitorgordophoto\",\"https:\/\/instagram.com\/vitorgordo_photography\"],\"logo\":{\"@type\":\"ImageObject\",\"@id\":\"https:\/\/www.vitorgordo.pt\/pt-pt\/#logo\",\"inLanguage\":\"pt-PT\",\"url\":\"https:\/\/www.vitorgordo.pt\/wp-content\/uploads\/2015\/08\/SVfinal.jpg\",\"width\":1438,\"height\":1418,\"caption\":\"Vitor Gordo Photography\"},\"image\":{\"@id\":\"https:\/\/www.vitorgordo.pt\/pt-pt\/#logo\"}},{\"@type\":\"WebSite\",\"@id\":\"https:\/\/www.vitorgordo.pt\/pt-pt\/#website\",\"url\":\"https:\/\/www.vitorgordo.pt\/pt-pt\/\",\"name\":\"Vitor Gordo | Portugal Wedding Photographer\",\"description\":\"Fot\\u00f3grafo e Videografo de Casamento . A nossa vis\\u00e3o emocional. A vossa Hist\\u00f3ria.\",\"publisher\":{\"@id\":\"https:\/\/www.vitorgordo.pt\/pt-pt\/#organization\"},\"potentialAction\":[{\"@type\":\"SearchAction\",\"target\":\"https:\/\/www.vitorgordo.pt\/pt-pt\/?s={search_term_string}\",\"query-input\":\"required name=search_term_string\"}],\"inLanguage\":\"pt-PT\"},{\"@type\":\"ImageObject\",\"@id\":\"https:\/\/www.vitorgordo.pt\/pt-pt\/video-casamento-pestana-palace-lisboa\/#primaryimage\",\"inLanguage\":\"pt-PT\",\"url\":\"https:\/\/www.vitorgordo.pt\/wp-content\/uploads\/2016\/02\/MG_9693.jpg\",\"width\":2560,\"height\":1707},{\"@type\":\"WebPage\",\"@id\":\"https:\/\/www.vitorgordo.pt\/pt-pt\/video-casamento-pestana-palace-lisboa\/#webpage\",\"url\":\"https:\/\/www.vitorgordo.pt\/pt-pt\/video-casamento-pestana-palace-lisboa\/\",\"name\":\"Rita + Bernardo | Pestana Palace &ndash; Vitor Gordo | Fot\\u00f3grafo de Casamento Portugal\",\"isPartOf\":{\"@id\":\"https:\/\/www.vitorgordo.pt\/pt-pt\/#website\"},\"primaryImageOfPage\":{\"@id\":\"https:\/\/www.vitorgordo.pt\/pt-pt\/video-casamento-pestana-palace-lisboa\/#primaryimage\"},\"datePublished\":\"2017-01-04T13:03:00+00:00\",\"dateModified\":\"2017-08-03T15:42:52+00:00\",\"description\":\"V\\u00eddeo de Casamento no Pestana Palace em Lisboa. Mais de 200 convidados numa festa bonita e simples naquele que \\u00e9 um dos melhores hot\\u00e9is de Portugal.\",\"inLanguage\":\"pt-PT\",\"potentialAction\":[{\"@type\":\"ReadAction\",\"target\":[\"https:\/\/www.vitorgordo.pt\/pt-pt\/video-casamento-pestana-palace-lisboa\/\"]}]},{\"@type\":\"Article\",\"@id\":\"https:\/\/www.vitorgordo.pt\/pt-pt\/video-casamento-pestana-palace-lisboa\/#article\",\"isPartOf\":{\"@id\":\"https:\/\/www.vitorgordo.pt\/pt-pt\/video-casamento-pestana-palace-lisboa\/#webpage\"},\"author\":{\"@id\":\"https:\/\/www.vitorgordo.pt\/pt-pt\/#\/schema\/person\/bdf2537d20bb57085fd9dcd2269b47fb\"},\"headline\":\"Rita + Bernardo | Pestana Palace\",\"datePublished\":\"2017-01-04T13:03:00+00:00\",\"dateModified\":\"2017-08-03T15:42:52+00:00\",\"mainEntityOfPage\":{\"@id\":\"https:\/\/www.vitorgordo.pt\/pt-pt\/video-casamento-pestana-palace-lisboa\/#webpage\"},\"commentCount\":0,\"publisher\":{\"@id\":\"https:\/\/www.vitorgordo.pt\/pt-pt\/#organization\"},\"image\":{\"@id\":\"https:\/\/www.vitorgordo.pt\/pt-pt\/video-casamento-pestana-palace-lisboa\/#primaryimage\"},\"keywords\":\"Casamento Basilica Estrela,Gio Rodrigues,Pestana Palace Hotel,real wedding,syncview,vestido noiva \\u00fanico,V\\u00eddeo casamento,vitor gordo,vitor gordo photography,wedding inspiration\",\"articleSection\":\"Casamentos,V\\u00eddeo,Wedding Destination Portugal,Wedding Stories\",\"inLanguage\":\"pt-PT\",\"potentialAction\":[{\"@type\":\"CommentAction\",\"name\":\"Comment\",\"target\":[\"https:\/\/www.vitorgordo.pt\/pt-pt\/video-casamento-pestana-palace-lisboa\/#respond\"]}]},{\"@type\":\"Person\",\"@id\":\"https:\/\/www.vitorgordo.pt\/pt-pt\/#\/schema\/person\/bdf2537d20bb57085fd9dcd2269b47fb\",\"name\":\"vitorgordo\",\"image\":{\"@type\":\"ImageObject\",\"@id\":\"https:\/\/www.vitorgordo.pt\/pt-pt\/#personlogo\",\"inLanguage\":\"pt-PT\",\"url\":\"https:\/\/secure.gravatar.com\/avatar\/757897e59297a942ecd4af7ba2dd1f19?s=96&d=mm&r=g\",\"caption\":\"vitorgordo\"},\"sameAs\":[\"http:\/\/www.vitorgordo.pt\"]}]}<\/script>\n<!-- \/ Yoast SEO Premium plugin. -->","_links":{"self":[{"href":"https:\/\/www.vitorgordo.pt\/pt-pt\/wp-json\/wp\/v2\/posts\/3093\/"}],"collection":[{"href":"https:\/\/www.vitorgordo.pt\/pt-pt\/wp-json\/wp\/v2\/posts\/"}],"about":[{"href":"https:\/\/www.vitorgordo.pt\/pt-pt\/wp-json\/wp\/v2\/types\/post\/"}],"author":[{"embeddable":true,"href":"https:\/\/www.vitorgordo.pt\/pt-pt\/wp-json\/wp\/v2\/users\/1\/"}],"replies":[{"embeddable":true,"href":"https:\/\/www.vitorgordo.pt\/pt-pt\/wp-json\/wp\/v2\/comments\/?post=3093"}],"version-history":[{"count":16,"href":"https:\/\/www.vitorgordo.pt\/pt-pt\/wp-json\/wp\/v2\/posts\/3093\/revisions\/"}],"predecessor-version":[{"id":3368,"href":"https:\/\/www.vitorgordo.pt\/pt-pt\/wp-json\/wp\/v2\/posts\/3093\/revisions\/3368\/"}],"wp:featuredmedia":[{"embeddable":true,"href":"https:\/\/www.vitorgordo.pt\/pt-pt\/wp-json\/wp\/v2\/media\/3639\/"}],"wp:attachment":[{"href":"https:\/\/www.vitorgordo.pt\/pt-pt\/wp-json\/wp\/v2\/media\/?parent=3093"}],"wp:term":[{"taxonomy":"category","embeddable":true,"href":"https:\/\/www.vitorgordo.pt\/pt-pt\/wp-json\/wp\/v2\/categories\/?post=3093"},{"taxonomy":"post_tag","embeddable":true,"href":"https:\/\/www.vitorgordo.pt\/pt-pt\/wp-json\/wp\/v2\/tags\/?post=3093"}],"curies":[{"name":"wp","href":"https:\/\/api.w.org\/{rel}","templated":true}]}}