{"id":4579,"date":"2017-12-29T16:30:12","date_gmt":"2017-12-29T16:30:12","guid":{"rendered":"http:\/\/www.vitorgordo.pt\/?p=4579"},"modified":"2018-10-28T19:09:10","modified_gmt":"2018-10-28T19:09:10","slug":"casamento-frances-em-lisboa","status":"publish","type":"post","link":"https:\/\/www.vitorgordo.pt\/pt-pt\/casamento-frances-em-lisboa\/","title":{"rendered":"Casamento Franc\u00eas em Lisboa &#8211; Quinta do Vale eventos"},"content":{"rendered":"<p style=\"text-align: center;\"><strong>Casamento Franc\u00eas em Lisboa &#8211; Celebrar o amor em Portugal\u00a0<\/strong><\/p>\n<p style=\"text-align: justify;\">A Marion e o\u00a0Micka\u00ebl conheceram-se h\u00e1 13 anos atr\u00e1s numa festa onde o destino fez com que o \u00fanico lugar dispon\u00edvel para ela fosse ao p\u00e9 dele, falaram durante horas e nunca mais se largaram, nas palavras dela, ele fazia-a a rir e o charme fez o resto. Doze anos depois numa viagem ao sul da C\u00f3rsega ele pediu-a em casamento ao p\u00f4r-do-sol na praia de Rondinar e assim come\u00e7aram a planear o seu sonho . Um\u00a0<strong>Casamento Franc\u00eas em Lisboa<\/strong><\/p>\n<p style=\"text-align: justify;\">Em 2017 reuniram todos os que gostam para celebrar o amor.\u00a0S\u00e3o su\u00ed\u00e7os, mas os pais do\u00a0Micka\u00ebl s\u00e3o portugueses e por isso escolheram Lisboa para realizar o seu casamento Franc\u00eas .\u00a0A cerim\u00f3nia foi na<a href=\"https:\/\/pt.wikipedia.org\/wiki\/Igreja_de_S\u00e3o_Lu%C3%ADs_dos_Franceses_(Lisboa)\"> igreja francesa<\/a> em Lisboa e a festa continuou na<a href=\"http:\/\/www.qdvale.com\/wp-admin\/install.php\"> Quinta do Vale<\/a>.<\/p>\n<p><strong>Prepara\u00e7\u00f5es\/Preparation:<\/strong>\u00a0<a href=\"http:\/\/www.novotel.com\/pt\/portugal\/index.shtml\">Novotel<\/a><\/p>\n<p><strong>Cerim\u00f3nia \/ Ceremony:\u00a0<\/strong>Eglise Saint-Louis des Fran\u00e7ais de Lisbonne<\/p>\n<p><strong>Recep\u00e7\u00e3o \/ Venue:<\/strong>\u00a0<a href=\"http:\/\/www.qdvale.com\/\">Quinta do Vale<\/a><\/p>\n<p><strong>Sapatos da Noiva \/ Bride\u2019s shoes: <\/strong><a href=\"https:\/\/www.jonak.fr\/\">JONAK PARIS<\/a><\/p>\n<div class=\"video-container-embeded\"><iframe title=\"MARION E MICKA&amp;Euml;L \/\/ WEDDING TEASER\" src=\"https:\/\/player.vimeo.com\/video\/247132907?dnt=1&amp;app_id=122963\" width=\"1200\" height=\"675\" frameborder=\"0\" allow=\"autoplay; fullscreen\" allowfullscreen><\/iframe><\/div>\n<p>&nbsp;<\/p>\n","protected":false},"excerpt":{"rendered":"<p>Casamento Franc\u00eas em Lisboa &#8211; Celebrar o amor em Portugal\u00a0 A Marion e o\u00a0Micka\u00ebl conheceram-se h\u00e1 13 anos atr\u00e1s numa festa onde o destino fez com que o \u00fanico lugar dispon\u00edvel para ela fosse ao p\u00e9 dele, falaram durante horas e nunca mais se largaram, nas palavras dela, ele fazia-a a rir e o charme &#8230;<\/p>\n","protected":false},"author":1,"featured_media":4581,"comment_status":"open","ping_status":"open","sticky":false,"template":"","format":"standard","meta":[],"categories":[196,216,249,234],"tags":[220,253,285,274,394,365,331,311,198,227,255,277,250,364,258,222],"yoast_head":"<!-- This site is optimized with the Yoast SEO Premium plugin v15.7 - https:\/\/yoast.com\/wordpress\/plugins\/seo\/ -->\n<title>Casamento Franc\u00eas em Lisboa - Quinta do Vale eventos<\/title>\n<meta name=\"description\" content=\"Casamento Franc\u00eas em Lisboa. Em 2017 reuniram todos os que gostam para celebrar o amor, a cerim\u00f3nia foi na igreja francesa em Lisboa\" \/>\n<meta name=\"robots\" content=\"index, follow, max-snippet:-1, max-image-preview:large, max-video-preview:-1\" \/>\n<link rel=\"canonical\" href=\"https:\/\/www.vitorgordo.pt\/pt-pt\/casamento-frances-em-lisboa\/\" \/>\n<meta property=\"og:locale\" content=\"pt_PT\" \/>\n<meta property=\"og:type\" content=\"article\" \/>\n<meta property=\"og:title\" content=\"Casamento Franc\u00eas em Lisboa - Quinta do Vale eventos\" \/>\n<meta property=\"og:description\" content=\"Casamento Franc\u00eas em Lisboa. Em 2017 reuniram todos os que gostam para celebrar o amor, a cerim\u00f3nia foi na igreja francesa em Lisboa\" \/>\n<meta property=\"og:url\" content=\"https:\/\/www.vitorgordo.pt\/pt-pt\/casamento-frances-em-lisboa\/\" \/>\n<meta property=\"og:site_name\" content=\"Vitor Gordo | Fot\u00f3grafo de Casamento Portugal\" \/>\n<meta property=\"article:publisher\" content=\"https:\/\/www.facebook.com\/vitorgordophoto\" \/>\n<meta property=\"article:published_time\" content=\"2017-12-29T16:30:12+00:00\" \/>\n<meta property=\"article:modified_time\" content=\"2018-10-28T19:09:10+00:00\" \/>\n<meta property=\"og:image\" content=\"https:\/\/www.vitorgordo.pt\/wp-content\/uploads\/2017\/12\/DSCF7574.jpg\" \/>\n\t<meta property=\"og:image:width\" content=\"2560\" \/>\n\t<meta property=\"og:image:height\" content=\"1707\" \/>\n<meta name=\"twitter:card\" content=\"summary\" \/>\n<meta name=\"twitter:label1\" content=\"Tempo estimado de leitura\">\n\t<meta name=\"twitter:data1\" content=\"1 minuto\">\n<script type=\"application\/ld+json\" class=\"yoast-schema-graph\">{\"@context\":\"https:\/\/schema.org\",\"@graph\":[{\"@type\":\"Organization\",\"@id\":\"https:\/\/www.vitorgordo.pt\/pt-pt\/#organization\",\"name\":\"Vitor Gordo Photography\",\"url\":\"https:\/\/www.vitorgordo.pt\/pt-pt\/\",\"sameAs\":[\"https:\/\/www.facebook.com\/vitorgordophoto\",\"https:\/\/instagram.com\/vitorgordo_photography\"],\"logo\":{\"@type\":\"ImageObject\",\"@id\":\"https:\/\/www.vitorgordo.pt\/pt-pt\/#logo\",\"inLanguage\":\"pt-PT\",\"url\":\"https:\/\/www.vitorgordo.pt\/wp-content\/uploads\/2015\/08\/SVfinal.jpg\",\"width\":1438,\"height\":1418,\"caption\":\"Vitor Gordo Photography\"},\"image\":{\"@id\":\"https:\/\/www.vitorgordo.pt\/pt-pt\/#logo\"}},{\"@type\":\"WebSite\",\"@id\":\"https:\/\/www.vitorgordo.pt\/pt-pt\/#website\",\"url\":\"https:\/\/www.vitorgordo.pt\/pt-pt\/\",\"name\":\"Vitor Gordo | Portugal Wedding Photographer\",\"description\":\"Fot\\u00f3grafo e Videografo de Casamento . A nossa vis\\u00e3o emocional. A vossa Hist\\u00f3ria.\",\"publisher\":{\"@id\":\"https:\/\/www.vitorgordo.pt\/pt-pt\/#organization\"},\"potentialAction\":[{\"@type\":\"SearchAction\",\"target\":\"https:\/\/www.vitorgordo.pt\/pt-pt\/?s={search_term_string}\",\"query-input\":\"required name=search_term_string\"}],\"inLanguage\":\"pt-PT\"},{\"@type\":\"ImageObject\",\"@id\":\"https:\/\/www.vitorgordo.pt\/pt-pt\/casamento-frances-em-lisboa\/#primaryimage\",\"inLanguage\":\"pt-PT\",\"url\":\"https:\/\/www.vitorgordo.pt\/wp-content\/uploads\/2017\/12\/DSCF7574.jpg\",\"width\":2560,\"height\":1707,\"caption\":\"MARION E MICHAEL WEDDING DAY\"},{\"@type\":\"WebPage\",\"@id\":\"https:\/\/www.vitorgordo.pt\/pt-pt\/casamento-frances-em-lisboa\/#webpage\",\"url\":\"https:\/\/www.vitorgordo.pt\/pt-pt\/casamento-frances-em-lisboa\/\",\"name\":\"Casamento Franc\\u00eas em Lisboa - Quinta do Vale eventos\",\"isPartOf\":{\"@id\":\"https:\/\/www.vitorgordo.pt\/pt-pt\/#website\"},\"primaryImageOfPage\":{\"@id\":\"https:\/\/www.vitorgordo.pt\/pt-pt\/casamento-frances-em-lisboa\/#primaryimage\"},\"datePublished\":\"2017-12-29T16:30:12+00:00\",\"dateModified\":\"2018-10-28T19:09:10+00:00\",\"description\":\"Casamento Franc\\u00eas em Lisboa. Em 2017 reuniram todos os que gostam para celebrar o amor, a cerim\\u00f3nia foi na igreja francesa em Lisboa\",\"inLanguage\":\"pt-PT\",\"potentialAction\":[{\"@type\":\"ReadAction\",\"target\":[\"https:\/\/www.vitorgordo.pt\/pt-pt\/casamento-frances-em-lisboa\/\"]}]},{\"@type\":\"Article\",\"@id\":\"https:\/\/www.vitorgordo.pt\/pt-pt\/casamento-frances-em-lisboa\/#article\",\"isPartOf\":{\"@id\":\"https:\/\/www.vitorgordo.pt\/pt-pt\/casamento-frances-em-lisboa\/#webpage\"},\"author\":{\"@id\":\"https:\/\/www.vitorgordo.pt\/pt-pt\/#\/schema\/person\/bdf2537d20bb57085fd9dcd2269b47fb\"},\"headline\":\"Casamento Franc\\u00eas em Lisboa &#8211; Quinta do Vale eventos\",\"datePublished\":\"2017-12-29T16:30:12+00:00\",\"dateModified\":\"2018-10-28T19:09:10+00:00\",\"mainEntityOfPage\":{\"@id\":\"https:\/\/www.vitorgordo.pt\/pt-pt\/casamento-frances-em-lisboa\/#webpage\"},\"commentCount\":0,\"publisher\":{\"@id\":\"https:\/\/www.vitorgordo.pt\/pt-pt\/#organization\"},\"image\":{\"@id\":\"https:\/\/www.vitorgordo.pt\/pt-pt\/casamento-frances-em-lisboa\/#primaryimage\"},\"keywords\":\"boda,casamento portugal,Filmes de casamento,inspiration,junebugweddings,lisbon,portugal,real wedding,syncview,V\\u00eddeo casamento,vitor gordo,vitor gordo photography,wedding destination,wedding Destination Portugal,Wedding films,wedding inspiration\",\"articleSection\":\"Casamentos,V\\u00eddeo,Wedding Destination Portugal,Wedding Stories\",\"inLanguage\":\"pt-PT\",\"potentialAction\":[{\"@type\":\"CommentAction\",\"name\":\"Comment\",\"target\":[\"https:\/\/www.vitorgordo.pt\/pt-pt\/casamento-frances-em-lisboa\/#respond\"]}]},{\"@type\":\"Person\",\"@id\":\"https:\/\/www.vitorgordo.pt\/pt-pt\/#\/schema\/person\/bdf2537d20bb57085fd9dcd2269b47fb\",\"name\":\"vitorgordo\",\"image\":{\"@type\":\"ImageObject\",\"@id\":\"https:\/\/www.vitorgordo.pt\/pt-pt\/#personlogo\",\"inLanguage\":\"pt-PT\",\"url\":\"https:\/\/secure.gravatar.com\/avatar\/757897e59297a942ecd4af7ba2dd1f19?s=96&d=mm&r=g\",\"caption\":\"vitorgordo\"},\"sameAs\":[\"http:\/\/www.vitorgordo.pt\"]}]}<\/script>\n<!-- \/ Yoast SEO Premium plugin. -->","_links":{"self":[{"href":"https:\/\/www.vitorgordo.pt\/pt-pt\/wp-json\/wp\/v2\/posts\/4579\/"}],"collection":[{"href":"https:\/\/www.vitorgordo.pt\/pt-pt\/wp-json\/wp\/v2\/posts\/"}],"about":[{"href":"https:\/\/www.vitorgordo.pt\/pt-pt\/wp-json\/wp\/v2\/types\/post\/"}],"author":[{"embeddable":true,"href":"https:\/\/www.vitorgordo.pt\/pt-pt\/wp-json\/wp\/v2\/users\/1\/"}],"replies":[{"embeddable":true,"href":"https:\/\/www.vitorgordo.pt\/pt-pt\/wp-json\/wp\/v2\/comments\/?post=4579"}],"version-history":[{"count":14,"href":"https:\/\/www.vitorgordo.pt\/pt-pt\/wp-json\/wp\/v2\/posts\/4579\/revisions\/"}],"predecessor-version":[{"id":5129,"href":"https:\/\/www.vitorgordo.pt\/pt-pt\/wp-json\/wp\/v2\/posts\/4579\/revisions\/5129\/"}],"wp:featuredmedia":[{"embeddable":true,"href":"https:\/\/www.vitorgordo.pt\/pt-pt\/wp-json\/wp\/v2\/media\/4581\/"}],"wp:attachment":[{"href":"https:\/\/www.vitorgordo.pt\/pt-pt\/wp-json\/wp\/v2\/media\/?parent=4579"}],"wp:term":[{"taxonomy":"category","embeddable":true,"href":"https:\/\/www.vitorgordo.pt\/pt-pt\/wp-json\/wp\/v2\/categories\/?post=4579"},{"taxonomy":"post_tag","embeddable":true,"href":"https:\/\/www.vitorgordo.pt\/pt-pt\/wp-json\/wp\/v2\/tags\/?post=4579"}],"curies":[{"name":"wp","href":"https:\/\/api.w.org\/{rel}","templated":true}]}}