{"id":8950,"date":"2021-01-29T12:43:59","date_gmt":"2021-01-29T12:43:59","guid":{"rendered":"https:\/\/www.vitorgordo.pt\/?p=8950"},"modified":"2021-02-10T12:03:51","modified_gmt":"2021-02-10T12:03:51","slug":"espacos-casamento","status":"publish","type":"post","link":"https:\/\/www.vitorgordo.pt\/pt-pt\/espacos-casamento\/","title":{"rendered":"10 espa\u00e7os inspiradores para o seu casamento | Fotografia"},"content":{"rendered":"\n<p class=\"has-text-align-left\">Aqui pode ver uma selec\u00e7\u00e3o fotogr\u00e1fica dos 10 espa\u00e7os mais inspiradores para o seu casamento. Somos fot\u00f3grafos e vide\u00f3grafos de casamento e por isso ao longo dos \u00faltimos anos temos passado por locais \u00fanicos para casar em Portugal a fim de retratar este dia n\u00e3o s\u00f3 em fotografia como tamb\u00e9m em v\u00eddeo. <\/p>\n\n\n\n<p>O espa\u00e7o que escolhe para celebrar o seu dia dita muito no resultado final da sua fotografia ou  v\u00eddeo. <\/p>\n\n\n\n<p>Nesse sentido seja n\u00e3o s\u00f3 pela luz como tamb\u00e9m a envolv\u00eancia e espa\u00e7o em si, cada s\u00edtio nos inspira de forma diferente e leva-nos sempre a um trabalho criativo, diferenciado e \u00fanico que contar\u00e1 a hist\u00f3ria do seu dia da forma mais genu\u00edna e bonita.<\/p>\n\n\n\n<p>Portugal \u00e9 um pa\u00eds incr\u00edvel que oferece todo o tipo de paisagens e por isso apresentamos categorias de espa\u00e7os para o seu casamento: <strong>zonas vin\u00edcolas, cidade, beira-mar e campo. <\/strong><\/p>\n\n\n\n<p>Se est\u00e1 \u00e0 procura de fot\u00f3grafos de casamento clique <a href=\"https:\/\/www.vitorgordo.pt\/pt-pt\/wedding-visual-stories\/\">aqui<\/a> para ver o nosso <em>portfolio<\/em> completo.  <\/p>\n\n\n\n<div style=\"height:100px\" aria-hidden=\"true\" class=\"wp-block-spacer\"><\/div>\n\n\n\n<h2 class=\"has-text-align-center\" id=\"h-zonas-vin-colas\">Zonas Vin\u00edcolas<\/h2>\n\n\n\n<p>Por termos as condi\u00e7\u00f5es ideais, Portugal \u00e9 um dos principais produtores de vinho do mundo e temos por isso paisagens com vinhas a perder de vista. <\/p>\n\n\n\n<p>Assim, escolhemos dois exemplos com arquitecturas totalmente diferentes, onde j\u00e1 fomos v\u00e1rias vezes e que nos surpreendem sempre, seja pelo verde ou pela luz de fim de tarde. <\/p>\n\n\n\n<div style=\"height:100px\" aria-hidden=\"true\" class=\"wp-block-spacer\"><\/div>\n\n\n\n<h3 class=\"has-text-align-center\" id=\"h-solar-de-pancas-alenquer\"><a href=\"http:\/\/www.solardepancas.com\/\">Solar de Pancas<\/a> &#8211; Alenquer <\/h3>\n\n\n\n<p>O Solar de Pancas fica em Alenquer  tem mais de 500 anos de hist\u00f3ria. \u00c9 um dos locais mais visitados por n\u00f3s, mas encanta-nos por mais vezes que por l\u00e1 passemos. <\/p>\n\n\n\n<p>A casa coberta com hera serve-nos sempre de inspira\u00e7\u00e3o, bem como as salas interiores com decora\u00e7\u00e3o <em>vintage<\/em> e do mesmo  modo a luz deste espa\u00e7o o torna \u00fanico e especial. <\/p>\n\n\n\n<figure class=\"wp-block-gallery columns-1 is-cropped\"><ul class=\"blocks-gallery-grid\"><li class=\"blocks-gallery-item\"><figure><img loading=\"lazy\" width=\"900\" height=\"600\" src=\"https:\/\/www.vitorgordo.pt\/wp-content\/uploads\/2021\/01\/melhores_si\u0301tios_para_casar1.jpg\" alt=\"locais casar Portugal\" data-id=\"8951\" class=\"wp-image-8951\" srcset=\"https:\/\/www.vitorgordo.pt\/wp-content\/uploads\/2021\/01\/melhores_si\u0301tios_para_casar1.jpg 900w, https:\/\/www.vitorgordo.pt\/wp-content\/uploads\/2021\/01\/melhores_si\u0301tios_para_casar1-300x200.jpg 300w, https:\/\/www.vitorgordo.pt\/wp-content\/uploads\/2021\/01\/melhores_si\u0301tios_para_casar1-768x512.jpg 768w\" sizes=\"(max-width: 900px) 100vw, 900px\" \/><figcaption class=\"blocks-gallery-item__caption\">Fotografia a\u00e9rea do Solar de Pancas ao fim do dia<\/figcaption><\/figure><\/li><li class=\"blocks-gallery-item\"><figure><img loading=\"lazy\" width=\"900\" height=\"197\" src=\"https:\/\/www.vitorgordo.pt\/wp-content\/uploads\/2021\/01\/espac\u0327os_casamento5.jpg\" alt=\"espa\u00e7os casamento\" data-id=\"9042\" class=\"wp-image-9042\" srcset=\"https:\/\/www.vitorgordo.pt\/wp-content\/uploads\/2021\/01\/espac\u0327os_casamento5.jpg 900w, https:\/\/www.vitorgordo.pt\/wp-content\/uploads\/2021\/01\/espac\u0327os_casamento5-300x66.jpg 300w, https:\/\/www.vitorgordo.pt\/wp-content\/uploads\/2021\/01\/espac\u0327os_casamento5-768x168.jpg 768w\" sizes=\"(max-width: 900px) 100vw, 900px\" \/><figcaption class=\"blocks-gallery-item__caption\">Espa\u00e7o para a cerim\u00f3nia \/ Espa\u00e7o de cocktail \/ vinha          <\/figcaption><\/figure><\/li><\/ul><\/figure>\n\n\n\n<div style=\"height:100px\" aria-hidden=\"true\" class=\"wp-block-spacer\"><\/div>\n\n\n\n<h3 class=\"has-text-align-center\" id=\"h-l-and-vineyards-montemor-o-novo-alentejo\"><a href=\"https:\/\/pt.l-and.com\/\">L&#8217;AND VINEYARDS<\/a> &#8211; Montemor-o-Novo, Alentejo<\/h3>\n\n\n\n<p class=\"has-text-align-left\" id=\"yui_3_17_2_1_1611830677024_717\">Mais do que um hotel, o L&#8217;AND Vineyards \u00e9 um retiro exclusivo que combina ao mesmo tempo a arquitetura moderna com a natureza, proporcionando n\u00e3o s\u00f3 um ambiente de luxo s\u00f3brio como tamb\u00e9m beleza natural e tranquilidade.<\/p>\n\n\n\n<p class=\"has-text-align-left\">Situa-se no cora\u00e7\u00e3o do Alentejo, perto de Montemor-o-Novo, numa paisagem \u00fanica, com interiores de M\u00e1rcio Kogan, arquitetura de Promont\u00f3rio e obras de arte de Michael Biberstein.<\/p>\n\n\n\n<figure class=\"wp-block-gallery columns-1 is-cropped\"><ul class=\"blocks-gallery-grid\"><li class=\"blocks-gallery-item\"><figure><img loading=\"lazy\" width=\"900\" height=\"599\" src=\"https:\/\/www.vitorgordo.pt\/wp-content\/uploads\/2021\/01\/melhores_si\u0301tios_para_casar3.jpg\" alt=\"fot\u00f3grafo\" data-id=\"8956\" data-full-url=\"https:\/\/www.vitorgordo.pt\/wp-content\/uploads\/2021\/01\/melhores_si\u0301tios_para_casar3.jpg\" data-link=\"https:\/\/www.vitorgordo.pt\/pt-pt\/melhores_sitios_para_casar3-2\/\" class=\"wp-image-8956\" srcset=\"https:\/\/www.vitorgordo.pt\/wp-content\/uploads\/2021\/01\/melhores_si\u0301tios_para_casar3.jpg 900w, https:\/\/www.vitorgordo.pt\/wp-content\/uploads\/2021\/01\/melhores_si\u0301tios_para_casar3-300x200.jpg 300w, https:\/\/www.vitorgordo.pt\/wp-content\/uploads\/2021\/01\/melhores_si\u0301tios_para_casar3-768x511.jpg 768w\" sizes=\"(max-width: 900px) 100vw, 900px\" \/><figcaption class=\"blocks-gallery-item__caption\">L&#8217;and Vineyard<\/figcaption><\/figure><\/li><li class=\"blocks-gallery-item\"><figure><img loading=\"lazy\" width=\"900\" height=\"599\" src=\"https:\/\/www.vitorgordo.pt\/wp-content\/uploads\/2021\/01\/melhores_si\u0301tios_para_casar4.jpg\" alt=\"fot\u00f3grafo\" data-id=\"8958\" data-full-url=\"https:\/\/www.vitorgordo.pt\/wp-content\/uploads\/2021\/01\/melhores_si\u0301tios_para_casar4.jpg\" data-link=\"https:\/\/www.vitorgordo.pt\/pt-pt\/melhores_sitios_para_casar4-2\/\" class=\"wp-image-8958\" srcset=\"https:\/\/www.vitorgordo.pt\/wp-content\/uploads\/2021\/01\/melhores_si\u0301tios_para_casar4.jpg 900w, https:\/\/www.vitorgordo.pt\/wp-content\/uploads\/2021\/01\/melhores_si\u0301tios_para_casar4-300x200.jpg 300w, https:\/\/www.vitorgordo.pt\/wp-content\/uploads\/2021\/01\/melhores_si\u0301tios_para_casar4-768x511.jpg 768w\" sizes=\"(max-width: 900px) 100vw, 900px\" \/><figcaption class=\"blocks-gallery-item__caption\">L&#8217;and Vineyard<\/figcaption><\/figure><\/li><\/ul><\/figure>\n\n\n\n<div style=\"height:100px\" aria-hidden=\"true\" class=\"wp-block-spacer\"><\/div>\n\n\n\n<h2 class=\"has-text-align-center\" id=\"h-cidade\">Cidade<\/h2>\n\n\n\n<p>Cada vez mais existem espa\u00e7os para o seu casamento nos centros urbanos. Sejam edif\u00edcios hist\u00f3ricos, modernos ou at\u00e9 industriais, um casamento na cidade \u00e9 cada vez mais uma op\u00e7\u00e3o para aqueles que nela vivem ou para os chamados <em>destination weddings.<\/em> <\/p>\n\n\n\n<p>Para al\u00e9m da proximidade dos alojamentos e das facilidades de desloca\u00e7\u00e3o, a cidade oferece-nos um ambiente mais descontra\u00eddo e cosmopolita.<\/p>\n\n\n\n<div style=\"height:100px\" aria-hidden=\"true\" class=\"wp-block-spacer\"><\/div>\n\n\n\n<h3 class=\"has-text-align-center\" id=\"h-p-teo-alfacinha-lisboa\"><a href=\"http:\/\/pateoalfacinha.com\/#!\/page_Home\">P\u00c1TEO ALFACINHA<\/a> &#8211; Lisboa<\/h3>\n\n\n\n<p>O P\u00e1teo Alfacinha foi criado em 1981 por Vitor Seijo, um apaixonado e grande conhecedor da cidade de Lisboa. Vitor requalificou um edif\u00edcio baldio e recuperou uma zona da cidade. <\/p>\n\n\n\n<p>Fiel \u00e0 paix\u00e3o por Lisboa, Vitor Seijo pensou em concentrar num P\u00e1teo espa\u00e7os de habita\u00e7\u00e3o popular, de nobreza e com\u00e9rcio tradicional. Assim, foi feita uma capela, barbearia, taberna, padaria, cervejaria, antiqu\u00e1rio, e as casas que os alfacinhas habitavam. <\/p>\n\n\n\n<figure class=\"wp-block-gallery columns-1 is-cropped\"><ul class=\"blocks-gallery-grid\"><li class=\"blocks-gallery-item\"><figure><img loading=\"lazy\" width=\"900\" height=\"600\" src=\"https:\/\/www.vitorgordo.pt\/wp-content\/uploads\/2021\/01\/melhores_si\u0301tios_para_casar5.jpg\" alt=\"fot\u00f3grafo\" data-id=\"8960\" data-full-url=\"https:\/\/www.vitorgordo.pt\/wp-content\/uploads\/2021\/01\/melhores_si\u0301tios_para_casar5.jpg\" data-link=\"https:\/\/www.vitorgordo.pt\/pt-pt\/melhores_sitios_para_casar5-2\/\" class=\"wp-image-8960\" srcset=\"https:\/\/www.vitorgordo.pt\/wp-content\/uploads\/2021\/01\/melhores_si\u0301tios_para_casar5.jpg 900w, https:\/\/www.vitorgordo.pt\/wp-content\/uploads\/2021\/01\/melhores_si\u0301tios_para_casar5-300x200.jpg 300w, https:\/\/www.vitorgordo.pt\/wp-content\/uploads\/2021\/01\/melhores_si\u0301tios_para_casar5-768x512.jpg 768w\" sizes=\"(max-width: 900px) 100vw, 900px\" \/><figcaption class=\"blocks-gallery-item__caption\">Lisboa<\/figcaption><\/figure><\/li><li class=\"blocks-gallery-item\"><figure><img loading=\"lazy\" width=\"900\" height=\"672\" src=\"https:\/\/www.vitorgordo.pt\/wp-content\/uploads\/2021\/01\/melhores_si\u0301tios_para_casar6.jpg\" alt=\"fot\u00f3grafo\" data-id=\"8962\" data-full-url=\"https:\/\/www.vitorgordo.pt\/wp-content\/uploads\/2021\/01\/melhores_si\u0301tios_para_casar6.jpg\" data-link=\"https:\/\/www.vitorgordo.pt\/pt-pt\/melhores_sitios_para_casar6-2\/\" class=\"wp-image-8962\" srcset=\"https:\/\/www.vitorgordo.pt\/wp-content\/uploads\/2021\/01\/melhores_si\u0301tios_para_casar6.jpg 900w, https:\/\/www.vitorgordo.pt\/wp-content\/uploads\/2021\/01\/melhores_si\u0301tios_para_casar6-300x224.jpg 300w, https:\/\/www.vitorgordo.pt\/wp-content\/uploads\/2021\/01\/melhores_si\u0301tios_para_casar6-768x573.jpg 768w\" sizes=\"(max-width: 900px) 100vw, 900px\" \/><figcaption class=\"blocks-gallery-item__caption\">P\u00e1teo Alfacinha<\/figcaption><\/figure><\/li><\/ul><\/figure>\n\n\n\n<div style=\"height:100px\" aria-hidden=\"true\" class=\"wp-block-spacer\"><\/div>\n\n\n\n<h3 class=\"has-text-align-center\" id=\"h-pal-cio-do-instituto-superior-de-agronomia-lisboa\"><a href=\"http:\/\/espacosdatapada.isa.utl.pt\/\">Pal\u00e1cio do Instituto Superior de Agronomia<\/a>, Lisboa<\/h3>\n\n\n\n<p>Sem d\u00favida \u00e9 um Ex-libris do Instituto Superior de Agronomia. Este pal\u00e1cio de estrutura em ferro e vidro foi projectado pelo Arquitecto Lu\u00eds Caetano de \u00c1vila para a 3\u00aa Exposi\u00e7\u00e3o Agr\u00edcola de Lisboa, em 1884.<\/p>\n\n\n\n<p>\u00c9 actualmente utilizado para a realiza\u00e7\u00e3o de eventos e e tem um jardim com uma fonte rom\u00e2ntica e uma magn\u00edfica vista o sobre o rio Tejo.<\/p>\n\n\n\n<figure class=\"wp-block-image size-full\"><img loading=\"lazy\" width=\"900\" height=\"1352\" src=\"https:\/\/www.vitorgordo.pt\/wp-content\/uploads\/2021\/01\/melhores_si\u0301tios_para_casar27.jpg\" alt=\"locais casar Portugal\" class=\"wp-image-9003\" srcset=\"https:\/\/www.vitorgordo.pt\/wp-content\/uploads\/2021\/01\/melhores_si\u0301tios_para_casar27.jpg 900w, https:\/\/www.vitorgordo.pt\/wp-content\/uploads\/2021\/01\/melhores_si\u0301tios_para_casar27-200x300.jpg 200w, https:\/\/www.vitorgordo.pt\/wp-content\/uploads\/2021\/01\/melhores_si\u0301tios_para_casar27-682x1024.jpg 682w, https:\/\/www.vitorgordo.pt\/wp-content\/uploads\/2021\/01\/melhores_si\u0301tios_para_casar27-768x1154.jpg 768w\" sizes=\"(max-width: 900px) 100vw, 900px\" \/><figcaption>Pal\u00e1cio ao fim do dia <\/figcaption><\/figure>\n\n\n\n<div style=\"height:100px\" aria-hidden=\"true\" class=\"wp-block-spacer\"><\/div>\n\n\n\n<h3 class=\"has-text-align-center\" id=\"h-estufa-real-lisboa\"><a href=\"https:\/\/estufareal.pt\/\">Estufa Real<\/a>, Lisboa<\/h3>\n\n\n\n<p>Situada no cora\u00e7\u00e3o do Jardim Bot\u00e2nico da Ajuda, a Estufa Real \u00e9 um pequeno peda\u00e7o de para\u00edso escondido no meio da cidade de Lisboa. Constru\u00edda no s\u00e9c. XVIII este espa\u00e7o para casamentos mistura o profundo azul do Tejo com os tons verdes do jardim que a recebe. <\/p>\n\n\n\n<figure class=\"wp-block-gallery columns-1 is-cropped\"><ul class=\"blocks-gallery-grid\"><li class=\"blocks-gallery-item\"><figure><img loading=\"lazy\" width=\"900\" height=\"298\" src=\"https:\/\/www.vitorgordo.pt\/wp-content\/uploads\/2021\/01\/espac\u0327os_casamento1.jpg\" alt=\"\" data-id=\"9044\" class=\"wp-image-9044\" srcset=\"https:\/\/www.vitorgordo.pt\/wp-content\/uploads\/2021\/01\/espac\u0327os_casamento1.jpg 900w, https:\/\/www.vitorgordo.pt\/wp-content\/uploads\/2021\/01\/espac\u0327os_casamento1-300x99.jpg 300w, https:\/\/www.vitorgordo.pt\/wp-content\/uploads\/2021\/01\/espac\u0327os_casamento1-768x254.jpg 768w\" sizes=\"(max-width: 900px) 100vw, 900px\" \/><figcaption class=\"blocks-gallery-item__caption\">Pormenores flora do jardim da Estufa<\/figcaption><\/figure><\/li><li class=\"blocks-gallery-item\"><figure><img loading=\"lazy\" width=\"682\" height=\"1024\" src=\"https:\/\/www.vitorgordo.pt\/wp-content\/uploads\/2021\/01\/espac\u0327os_casamento2-682x1024.jpg\" alt=\"locais casar Portugal\" data-id=\"9046\" class=\"wp-image-9046\" srcset=\"https:\/\/www.vitorgordo.pt\/wp-content\/uploads\/2021\/01\/espac\u0327os_casamento2-682x1024.jpg 682w, https:\/\/www.vitorgordo.pt\/wp-content\/uploads\/2021\/01\/espac\u0327os_casamento2-200x300.jpg 200w, https:\/\/www.vitorgordo.pt\/wp-content\/uploads\/2021\/01\/espac\u0327os_casamento2-768x1154.jpg 768w, https:\/\/www.vitorgordo.pt\/wp-content\/uploads\/2021\/01\/espac\u0327os_casamento2.jpg 900w\" sizes=\"(max-width: 682px) 100vw, 682px\" \/><figcaption class=\"blocks-gallery-item__caption\">Jardim rom\u00e2ntico<\/figcaption><\/figure><\/li><li class=\"blocks-gallery-item\"><figure><img loading=\"lazy\" width=\"900\" height=\"671\" src=\"https:\/\/www.vitorgordo.pt\/wp-content\/uploads\/2021\/01\/espac\u0327os_casamento4.jpg\" alt=\"locais casar Portugal\" data-id=\"9050\" class=\"wp-image-9050\" srcset=\"https:\/\/www.vitorgordo.pt\/wp-content\/uploads\/2021\/01\/espac\u0327os_casamento4.jpg 900w, https:\/\/www.vitorgordo.pt\/wp-content\/uploads\/2021\/01\/espac\u0327os_casamento4-300x224.jpg 300w, https:\/\/www.vitorgordo.pt\/wp-content\/uploads\/2021\/01\/espac\u0327os_casamento4-768x573.jpg 768w\" sizes=\"(max-width: 900px) 100vw, 900px\" \/><figcaption class=\"blocks-gallery-item__caption\">Fotografia de grupo no jardim da Estufa \/ Vista nocturna sobre a Ponte 25 de Abril<\/figcaption><\/figure><\/li><\/ul><\/figure>\n\n\n\n<div style=\"height:100px\" aria-hidden=\"true\" class=\"wp-block-spacer\"><\/div>\n\n\n\n<h2 class=\"has-text-align-center\" id=\"h-beira-mar\">\u00c0 Beira Mar<\/h2>\n\n\n\n<p>Com uma linha costeira de uma ponta \u00e0 outra do pa\u00eds e com dois arquip\u00e9lagos, Portugal \u00e9 um dos locais para casar com mais op\u00e7\u00f5es perto do mar.<br>Com rocha, areia branca ou areia preta, Portugal tem um sem n\u00famero de praias com paisagens dignas de filme e que podem ser o cen\u00e1rio perfeito para o seu dia. <\/p>\n\n\n\n<div style=\"height:100px\" aria-hidden=\"true\" class=\"wp-block-spacer\"><\/div>\n\n\n\n<h3 class=\"has-text-align-center\" id=\"h-santa-b-rbara-eco-beach-resort-s-miguel-a-ores\"><a href=\"https:\/\/www.santabarbaraazores.com\/pt\/\">Santa B\u00e1rbara Eco Beach Resort<\/a> &#8211; S.Miguel, A\u00e7ores<\/h3>\n\n\n\n<p>Situado na Praia de Santa B\u00e1rbara na ilha de S.Miguel, nos A\u00e7ores, o hotel abriu em 2015.<\/p>\n\n\n\n<p>Com o foco nos materiais utilizados, na arquitectura e no enquadramento na paisagem este hotel nasceu de um sonho antigo de um surfista apaixonado pela ilha e na sustentabilidade da mesma. <\/p>\n\n\n\n<p>Entre uma praia de areia preta e montes verdes, encontra-se este hotel de charme que pode ser o cen\u00e1rio id\u00edlico com que sempre sonhou.<\/p>\n\n\n\n<figure class=\"wp-block-gallery columns-1 is-cropped\"><ul class=\"blocks-gallery-grid\"><li class=\"blocks-gallery-item\"><figure><img loading=\"lazy\" width=\"900\" height=\"298\" src=\"https:\/\/www.vitorgordo.pt\/wp-content\/uploads\/2021\/01\/melhores_si\u0301tios_para_casar7.jpg\" alt=\"fot\u00f3grafos casamento\" data-id=\"8963\" class=\"wp-image-8963\" srcset=\"https:\/\/www.vitorgordo.pt\/wp-content\/uploads\/2021\/01\/melhores_si\u0301tios_para_casar7.jpg 900w, https:\/\/www.vitorgordo.pt\/wp-content\/uploads\/2021\/01\/melhores_si\u0301tios_para_casar7-300x99.jpg 300w, https:\/\/www.vitorgordo.pt\/wp-content\/uploads\/2021\/01\/melhores_si\u0301tios_para_casar7-768x254.jpg 768w\" sizes=\"(max-width: 900px) 100vw, 900px\" \/><\/figure><\/li><li class=\"blocks-gallery-item\"><figure><img loading=\"lazy\" width=\"900\" height=\"599\" src=\"https:\/\/www.vitorgordo.pt\/wp-content\/uploads\/2021\/01\/melhores_si\u0301tios_para_casar8.jpg\" alt=\"\" data-id=\"8965\" class=\"wp-image-8965\" srcset=\"https:\/\/www.vitorgordo.pt\/wp-content\/uploads\/2021\/01\/melhores_si\u0301tios_para_casar8.jpg 900w, https:\/\/www.vitorgordo.pt\/wp-content\/uploads\/2021\/01\/melhores_si\u0301tios_para_casar8-300x200.jpg 300w, https:\/\/www.vitorgordo.pt\/wp-content\/uploads\/2021\/01\/melhores_si\u0301tios_para_casar8-768x511.jpg 768w\" sizes=\"(max-width: 900px) 100vw, 900px\" \/><figcaption class=\"blocks-gallery-item__caption\">Santa B\u00e1rbara Eco Beach Resort<\/figcaption><\/figure><\/li><li class=\"blocks-gallery-item\"><figure><img loading=\"lazy\" width=\"900\" height=\"599\" src=\"https:\/\/www.vitorgordo.pt\/wp-content\/uploads\/2021\/01\/melhores_si\u0301tios_para_casar10.jpg\" alt=\"fot\u00f3grafos casamento\" data-id=\"8969\" class=\"wp-image-8969\" srcset=\"https:\/\/www.vitorgordo.pt\/wp-content\/uploads\/2021\/01\/melhores_si\u0301tios_para_casar10.jpg 900w, https:\/\/www.vitorgordo.pt\/wp-content\/uploads\/2021\/01\/melhores_si\u0301tios_para_casar10-300x200.jpg 300w, https:\/\/www.vitorgordo.pt\/wp-content\/uploads\/2021\/01\/melhores_si\u0301tios_para_casar10-768x511.jpg 768w\" sizes=\"(max-width: 900px) 100vw, 900px\" \/><figcaption class=\"blocks-gallery-item__caption\">Campos de ch\u00e1 &#8211; S.Miguel<\/figcaption><\/figure><\/li><li class=\"blocks-gallery-item\"><figure><img loading=\"lazy\" width=\"900\" height=\"599\" src=\"https:\/\/www.vitorgordo.pt\/wp-content\/uploads\/2021\/01\/melhores_si\u0301tios_para_casar9.jpg\" alt=\"locais casar Portugal\" data-id=\"8967\" class=\"wp-image-8967\" srcset=\"https:\/\/www.vitorgordo.pt\/wp-content\/uploads\/2021\/01\/melhores_si\u0301tios_para_casar9.jpg 900w, https:\/\/www.vitorgordo.pt\/wp-content\/uploads\/2021\/01\/melhores_si\u0301tios_para_casar9-300x200.jpg 300w, https:\/\/www.vitorgordo.pt\/wp-content\/uploads\/2021\/01\/melhores_si\u0301tios_para_casar9-768x511.jpg 768w\" sizes=\"(max-width: 900px) 100vw, 900px\" \/><figcaption class=\"blocks-gallery-item__caption\">Elopement no Santa B\u00e1rbara Eco Beach Resort <\/figcaption><\/figure><\/li><\/ul><\/figure>\n\n\n\n<div style=\"height:100px\" aria-hidden=\"true\" class=\"wp-block-spacer\"><\/div>\n\n\n\n<h3 class=\"has-text-align-center\" id=\"h-forte-da-cruz-s-pedro-do-estoril\"><a href=\"https:\/\/www.casamentos.pt\/salao-para-casamento\/forte-da-cruz--e75848\">Forte da Cruz<\/a>&#8211; S.Pedro do Estoril <\/h3>\n\n\n\n<p>O \u201cForte de Santo Ant\u00f3nio da Cruz\u201d foi edificado no contexto da Guerra da Restaura\u00e7\u00e3o&nbsp;(1640-1668), integrando a 1.\u00aa linha de fortifica\u00e7\u00f5es da barra do Tejo, que se estendia do cabo da Roca at\u00e9 \u00e0 Torre de Bel\u00e9m a fim de defender a cidade de Lisboa. <\/p>\n\n\n\n<p>Perdeu a sua fun\u00e7\u00e3o militar em fins do s\u00e9culo XIX, mas foi adquirido posteriormente por um particular. Jo\u00e3o Martins de Barros mandou restaurar o edif\u00edcio para que a sua filha doente pudesse estar mais pr\u00f3xima das Termas da Po\u00e7a. <\/p>\n\n\n\n<p>Depois da obra ficou conhecido como Pal\u00e1cio Barros e \u00e9 um dos excelentes locais para casar em Portugal. <\/p>\n\n\n\n<figure class=\"wp-block-gallery columns-1 is-cropped\"><ul class=\"blocks-gallery-grid\"><li class=\"blocks-gallery-item\"><figure><img loading=\"lazy\" width=\"900\" height=\"251\" src=\"https:\/\/www.vitorgordo.pt\/wp-content\/uploads\/2021\/01\/melhores_si\u0301tios_para_casar11.jpg\" alt=\"\" data-id=\"8971\" class=\"wp-image-8971\" srcset=\"https:\/\/www.vitorgordo.pt\/wp-content\/uploads\/2021\/01\/melhores_si\u0301tios_para_casar11.jpg 900w, https:\/\/www.vitorgordo.pt\/wp-content\/uploads\/2021\/01\/melhores_si\u0301tios_para_casar11-300x84.jpg 300w, https:\/\/www.vitorgordo.pt\/wp-content\/uploads\/2021\/01\/melhores_si\u0301tios_para_casar11-768x214.jpg 768w\" sizes=\"(max-width: 900px) 100vw, 900px\" \/><figcaption class=\"blocks-gallery-item__caption\">Vista a\u00e9rea sobre o Pal\u00e1cio<\/figcaption><\/figure><\/li><li class=\"blocks-gallery-item\"><figure><img loading=\"lazy\" width=\"900\" height=\"506\" src=\"https:\/\/www.vitorgordo.pt\/wp-content\/uploads\/2021\/01\/melhores_si\u0301tios_para_casar12.jpg\" alt=\"fot\u00f3grafos casamento\" data-id=\"8973\" class=\"wp-image-8973\" srcset=\"https:\/\/www.vitorgordo.pt\/wp-content\/uploads\/2021\/01\/melhores_si\u0301tios_para_casar12.jpg 900w, https:\/\/www.vitorgordo.pt\/wp-content\/uploads\/2021\/01\/melhores_si\u0301tios_para_casar12-300x169.jpg 300w, https:\/\/www.vitorgordo.pt\/wp-content\/uploads\/2021\/01\/melhores_si\u0301tios_para_casar12-768x432.jpg 768w\" sizes=\"(max-width: 900px) 100vw, 900px\" \/><figcaption class=\"blocks-gallery-item__caption\">Vista a\u00e9rea sobre a Praia da Po\u00e7a e o Forte da Cruz<\/figcaption><\/figure><\/li><li class=\"blocks-gallery-item\"><figure><img loading=\"lazy\" width=\"900\" height=\"600\" src=\"https:\/\/www.vitorgordo.pt\/wp-content\/uploads\/2021\/01\/melhores_si\u0301tios_para_casar13.jpg\" alt=\"locais casar Portugal\" data-id=\"8975\" class=\"wp-image-8975\" srcset=\"https:\/\/www.vitorgordo.pt\/wp-content\/uploads\/2021\/01\/melhores_si\u0301tios_para_casar13.jpg 900w, https:\/\/www.vitorgordo.pt\/wp-content\/uploads\/2021\/01\/melhores_si\u0301tios_para_casar13-300x200.jpg 300w, https:\/\/www.vitorgordo.pt\/wp-content\/uploads\/2021\/01\/melhores_si\u0301tios_para_casar13-768x512.jpg 768w\" sizes=\"(max-width: 900px) 100vw, 900px\" \/><figcaption class=\"blocks-gallery-item__caption\">Fachada principal do Pal\u00e1cio \u00e0 noite<\/figcaption><\/figure><\/li><li class=\"blocks-gallery-item\"><figure><img loading=\"lazy\" width=\"900\" height=\"506\" src=\"https:\/\/www.vitorgordo.pt\/wp-content\/uploads\/2021\/01\/melhores_si\u0301tios_para_casar14.jpg\" alt=\"locais casar Portugal\" data-id=\"8977\" class=\"wp-image-8977\" srcset=\"https:\/\/www.vitorgordo.pt\/wp-content\/uploads\/2021\/01\/melhores_si\u0301tios_para_casar14.jpg 900w, https:\/\/www.vitorgordo.pt\/wp-content\/uploads\/2021\/01\/melhores_si\u0301tios_para_casar14-300x169.jpg 300w, https:\/\/www.vitorgordo.pt\/wp-content\/uploads\/2021\/01\/melhores_si\u0301tios_para_casar14-768x432.jpg 768w\" sizes=\"(max-width: 900px) 100vw, 900px\" \/><figcaption class=\"blocks-gallery-item__caption\">Vista a\u00e9rea noturna sobre o Pal\u00e1cio e o Estoril<\/figcaption><\/figure><\/li><li class=\"blocks-gallery-item\"><figure><img loading=\"lazy\" width=\"900\" height=\"273\" src=\"https:\/\/www.vitorgordo.pt\/wp-content\/uploads\/2021\/01\/melhores_si\u0301tios_para_casar15.jpg\" alt=\"\" data-id=\"8979\" class=\"wp-image-8979\" srcset=\"https:\/\/www.vitorgordo.pt\/wp-content\/uploads\/2021\/01\/melhores_si\u0301tios_para_casar15.jpg 900w, https:\/\/www.vitorgordo.pt\/wp-content\/uploads\/2021\/01\/melhores_si\u0301tios_para_casar15-300x91.jpg 300w, https:\/\/www.vitorgordo.pt\/wp-content\/uploads\/2021\/01\/melhores_si\u0301tios_para_casar15-768x233.jpg 768w\" sizes=\"(max-width: 900px) 100vw, 900px\" \/><figcaption class=\"blocks-gallery-item__caption\">Longa exposi\u00e7\u00e3o do Pal\u00e1cio para a Praia do Tamariz \/ Pormenor a\u00e9reo do pal\u00e1cio <\/figcaption><\/figure><\/li><\/ul><\/figure>\n\n\n\n<div style=\"height:100px\" aria-hidden=\"true\" class=\"wp-block-spacer\"><\/div>\n\n\n\n<h3 class=\"has-text-align-center\" id=\"h-suites-alba-resort-and-spa-carvoeiro\"><a href=\"http:\/\/www.suitesalbaresort.com\/\">Suites Alba Resort and Spa<\/a>, Carvoeiro<\/h3>\n\n\n\n<p>O Vila Alba Eco-Resort \u00e9 um hotel de charme na fal\u00e9sia Algarvia, dotado de uma localiza\u00e7\u00e3o privilegiada sobre a praia de Albandeira, pr\u00f3ximo da Vila do Carvoeiro.<\/p>\n\n\n\n<p>Assim, situado numa ampla \u00e1rea protegida, o Vila Alba est\u00e1 inserido num local de beleza natural inigual\u00e1vel, rodeado n\u00e3o s\u00f3 por admir\u00e1veis forma\u00e7\u00f5es rochosas de calc\u00e1rio como tamb\u00e9m por uma vegeta\u00e7\u00e3o luxuriante tipicamente Algarvia e Mediterr\u00e2neca.<\/p>\n\n\n\n<figure class=\"wp-block-gallery columns-1 is-cropped\"><ul class=\"blocks-gallery-grid\"><li class=\"blocks-gallery-item\"><figure><img loading=\"lazy\" width=\"900\" height=\"600\" src=\"https:\/\/www.vitorgordo.pt\/wp-content\/uploads\/2021\/01\/melhores_si\u0301tios_para_casar22.jpg\" alt=\"locais casar Portugal\" data-id=\"8993\" class=\"wp-image-8993\" srcset=\"https:\/\/www.vitorgordo.pt\/wp-content\/uploads\/2021\/01\/melhores_si\u0301tios_para_casar22.jpg 900w, https:\/\/www.vitorgordo.pt\/wp-content\/uploads\/2021\/01\/melhores_si\u0301tios_para_casar22-300x200.jpg 300w, https:\/\/www.vitorgordo.pt\/wp-content\/uploads\/2021\/01\/melhores_si\u0301tios_para_casar22-768x512.jpg 768w\" sizes=\"(max-width: 900px) 100vw, 900px\" \/><figcaption class=\"blocks-gallery-item__caption\">Praia da Albandeira, Carvoeiro<\/figcaption><\/figure><\/li><li class=\"blocks-gallery-item\"><figure><img loading=\"lazy\" width=\"900\" height=\"298\" src=\"https:\/\/www.vitorgordo.pt\/wp-content\/uploads\/2021\/01\/melhores_si\u0301tios_para_casar23.jpg\" alt=\"locais casar Portugal\" data-id=\"8995\" class=\"wp-image-8995\" srcset=\"https:\/\/www.vitorgordo.pt\/wp-content\/uploads\/2021\/01\/melhores_si\u0301tios_para_casar23.jpg 900w, https:\/\/www.vitorgordo.pt\/wp-content\/uploads\/2021\/01\/melhores_si\u0301tios_para_casar23-300x99.jpg 300w, https:\/\/www.vitorgordo.pt\/wp-content\/uploads\/2021\/01\/melhores_si\u0301tios_para_casar23-768x254.jpg 768w\" sizes=\"(max-width: 900px) 100vw, 900px\" \/><figcaption class=\"blocks-gallery-item__caption\"><br>Vista a\u00e9rea &#8211; Suites Alba Resort and Spa<\/figcaption><\/figure><\/li><\/ul><\/figure>\n\n\n\n<div style=\"height:100px\" aria-hidden=\"true\" class=\"wp-block-spacer\"><\/div>\n\n\n\n<h2 class=\"has-text-align-center\" id=\"h-campo\">Campo<\/h2>\n\n\n\n<p>Dos v\u00e1rios locais que Portugal oferece para casar o campo \u00e9 eventualmente o mais id\u00edlico. Do Algarve ao Minho, podemos encontrar ref\u00fagios rodeados de natureza e longe de distrac\u00e7\u00f5es. <\/p>\n\n\n\n<div style=\"height:100px\" aria-hidden=\"true\" class=\"wp-block-spacer\"><\/div>\n\n\n\n<h3 class=\"has-text-align-center\" id=\"h-quinta-da-taipa-alenquer\"><a href=\"http:\/\/www.quintadataipa.pt\/\">Quinta da Taipa<\/a>, Alenquer<\/h3>\n\n\n\n<p>A Quinta da Taipa, totalmente remodelada com uma arquitectura pr\u00f3pria, mant\u00e9m os aspectos particulares da \u00e9poca e da regi\u00e3o, aliando tradi\u00e7\u00e3o e modernidade. Est\u00e1 integrada numa zona de grande beleza paisag\u00edstica, situada em Alenquer, a 30 km de Lisboa.<\/p>\n\n\n\n<p>Disp\u00f5em de um espa\u00e7o exterior arborizado e extremamente tranquilo, com zonas ajardinadas e iluminadas. <\/p>\n\n\n\n<p>Visit\u00e1mos a Quinta da Taipa no Inverno e o ambiente criados pelas fogueiras e castanhas combina na perfei\u00e7\u00e3o com esta quinta. <\/p>\n\n\n\n<figure class=\"wp-block-gallery columns-1 is-cropped\"><ul class=\"blocks-gallery-grid\"><li class=\"blocks-gallery-item\"><figure><img loading=\"lazy\" width=\"900\" height=\"600\" src=\"https:\/\/www.vitorgordo.pt\/wp-content\/uploads\/2021\/01\/melhores_si\u0301tios_para_casar28.jpg\" alt=\"locais casar Portugal\" data-id=\"9005\" class=\"wp-image-9005\" srcset=\"https:\/\/www.vitorgordo.pt\/wp-content\/uploads\/2021\/01\/melhores_si\u0301tios_para_casar28.jpg 900w, https:\/\/www.vitorgordo.pt\/wp-content\/uploads\/2021\/01\/melhores_si\u0301tios_para_casar28-300x200.jpg 300w, https:\/\/www.vitorgordo.pt\/wp-content\/uploads\/2021\/01\/melhores_si\u0301tios_para_casar28-768x512.jpg 768w\" sizes=\"(max-width: 900px) 100vw, 900px\" \/><figcaption class=\"blocks-gallery-item__caption\">Quinta da Taipa \u00e0 noite<\/figcaption><\/figure><\/li><li class=\"blocks-gallery-item\"><figure><img loading=\"lazy\" width=\"900\" height=\"413\" src=\"https:\/\/www.vitorgordo.pt\/wp-content\/uploads\/2021\/01\/melhores_si\u0301tios_para_casar29.jpg\" alt=\"locais casar Portugal\" data-id=\"9007\" class=\"wp-image-9007\" srcset=\"https:\/\/www.vitorgordo.pt\/wp-content\/uploads\/2021\/01\/melhores_si\u0301tios_para_casar29.jpg 900w, https:\/\/www.vitorgordo.pt\/wp-content\/uploads\/2021\/01\/melhores_si\u0301tios_para_casar29-300x138.jpg 300w, https:\/\/www.vitorgordo.pt\/wp-content\/uploads\/2021\/01\/melhores_si\u0301tios_para_casar29-768x352.jpg 768w\" sizes=\"(max-width: 900px) 100vw, 900px\" \/><figcaption class=\"blocks-gallery-item__caption\">Quinta da Taipa \/ Fogueira<\/figcaption><\/figure><\/li><\/ul><\/figure>\n\n\n\n<div style=\"height:100px\" aria-hidden=\"true\" class=\"wp-block-spacer\"><\/div>\n\n\n\n<h3 class=\"has-text-align-center\" id=\"h-quinta-dos-machados-mafra\"><a href=\"https:\/\/www.quintamachados.com\/en\/\">Quinta dos Machados<\/a> &#8211; Mafra<\/h3>\n\n\n\n<p>A Quinta dos Machados \u00e9 um ref\u00fagio perto da maravilhosa Tapada de Mafra. <\/p>\n\n\n\n<p>Assim, com mais de 11 hectares e 4 s\u00e9culos de hist\u00f3ria, o hotel de charme \u00e9 uma antiga casa agr\u00edcola que remonta ao final do s\u00e9culo XVI e in\u00edcio do s\u00e9culo XVII, aos prim\u00f3rdios da dinastia filipina. O edif\u00edcio, recuperado no s\u00e9culo XX, mant\u00e9m, no entanto, as caracter\u00edsticas arquitect\u00f3nicas seculares. Hospedar-se no hotel \u00e9, pois, um privil\u00e9gio.<\/p>\n\n\n\n<p>Situa-se numa regi\u00e3o essencialmente agr\u00edcola, onde se destacam n\u00e3o s\u00f3 as vinhas como tamb\u00e9m os pomares, envolvidos por uma paisagem verde e bela.<\/p>\n\n\n\n<figure class=\"wp-block-gallery columns-1 is-cropped\"><ul class=\"blocks-gallery-grid\"><li class=\"blocks-gallery-item\"><figure><img loading=\"lazy\" width=\"900\" height=\"600\" src=\"https:\/\/www.vitorgordo.pt\/wp-content\/uploads\/2021\/01\/melhores_si\u0301tios_para_casar32.jpg\" alt=\"fot\u00f3grafos casamento\" data-id=\"9013\" class=\"wp-image-9013\" srcset=\"https:\/\/www.vitorgordo.pt\/wp-content\/uploads\/2021\/01\/melhores_si\u0301tios_para_casar32.jpg 900w, https:\/\/www.vitorgordo.pt\/wp-content\/uploads\/2021\/01\/melhores_si\u0301tios_para_casar32-300x200.jpg 300w, https:\/\/www.vitorgordo.pt\/wp-content\/uploads\/2021\/01\/melhores_si\u0301tios_para_casar32-768x512.jpg 768w\" sizes=\"(max-width: 900px) 100vw, 900px\" \/><figcaption class=\"blocks-gallery-item__caption\">Caminho para a Quinta dos Machados<\/figcaption><\/figure><\/li><li class=\"blocks-gallery-item\"><figure><img loading=\"lazy\" width=\"900\" height=\"671\" src=\"https:\/\/www.vitorgordo.pt\/wp-content\/uploads\/2021\/01\/melhores_si\u0301tios_para_casar33.jpg\" alt=\"fot\u00f3grafos casamento\" data-id=\"9015\" class=\"wp-image-9015\" srcset=\"https:\/\/www.vitorgordo.pt\/wp-content\/uploads\/2021\/01\/melhores_si\u0301tios_para_casar33.jpg 900w, https:\/\/www.vitorgordo.pt\/wp-content\/uploads\/2021\/01\/melhores_si\u0301tios_para_casar33-300x224.jpg 300w, https:\/\/www.vitorgordo.pt\/wp-content\/uploads\/2021\/01\/melhores_si\u0301tios_para_casar33-768x573.jpg 768w\" sizes=\"(max-width: 900px) 100vw, 900px\" \/><figcaption class=\"blocks-gallery-item__caption\">Quinta dos Machados<\/figcaption><\/figure><\/li><\/ul><\/figure>\n\n\n\n<div style=\"height:100px\" aria-hidden=\"true\" class=\"wp-block-spacer\"><\/div>\n\n\n\n<p>Esta selec\u00e7\u00e3o  de fotografias demonstra que Portugal tem espa\u00e7os de casamento magn\u00edficos para casar e igualmente para exemplificar que estamos atentos aos locais que visitamos. <\/p>\n\n\n\n<p>Somos uma empresa de fotografia e v\u00eddeo de casamento sediada em Lisboa, mas estamos dispon\u00edveis para trabalhar em qualquer ponto do globo. <\/p>\n\n\n\n<p>Os espa\u00e7os de casamento ganham outra vida no <strong>v\u00eddeo de casamento<\/strong> e por isso na hora de decidir a melhor forma de recordar o casamento pense sempre que o v\u00eddeo \u00e9 a imagem em movimento, o mais aproximado \u00e0 realidade. <\/p>\n\n\n\n<p>N\u00f3s somos n\u00e3o s\u00f3 <strong>fot\u00f3grafos como tamb\u00e9m vide\u00f3grafos de casamento<\/strong>. Nesse sentido, pode ver aqui um exemplo do nosso trabalho em v\u00eddeo que apresenta uma outra op\u00e7\u00e3o de local para casar: a pr\u00f3pria casa. <\/p>\n\n\n\n<figure class=\"wp-block-embed-vimeo wp-block-embed is-type-video is-provider-vimeo wp-embed-aspect-16-9 wp-has-aspect-ratio\"><div class=\"wp-block-embed__wrapper\">\n<div class=\"video-container-embeded\"><iframe title=\"CAROLINA E JO&amp;Atilde;O \/\/ WEDDING TEASER\" src=\"https:\/\/player.vimeo.com\/video\/398021696?dnt=1&amp;app_id=122963\" width=\"1200\" height=\"675\" frameborder=\"0\" allow=\"autoplay; fullscreen; picture-in-picture\" allowfullscreen><\/iframe><\/div>\n<\/div><\/figure>\n\n\n\n<p>A Carolina e o Jo\u00e3o casaram na Quinta de fam\u00edlia, a Quinta do Ulmeiro perto de Torres Vedras. <\/p>\n\n\n\n<p>Assim, casar em casa significa casar de forma mais intimista e pr\u00f3xima da sua fam\u00edlia e amigos.<\/p>\n\n\n\n<p>Seja como for, o casamento \u00e9 um dia importante na sua vida e no fim de contas o que conta s\u00e3o as emo\u00e7\u00f5es vividas e as mem\u00f3rias criadas, independentemente do espa\u00e7o de casamento ou da coordenada geogr\u00e1fica em que nos encontramos. <\/p>\n\n\n\n<p>Se procura um fot\u00f3grafo ou vide\u00f3grafo de casamento entre em contacto connosco <a href=\"https:\/\/www.vitorgordo.pt\/pt-pt\/preco_fotografo_casamento\/\">aqui<\/a> a fim de nos podermos conhecer melhor. <\/p>\n","protected":false},"excerpt":{"rendered":"<p>Aqui pode ver uma selec\u00e7\u00e3o fotogr\u00e1fica dos 10 espa\u00e7os mais inspiradores para o seu casamento. Somos fot\u00f3grafos e vide\u00f3grafos de casamento e por isso ao longo dos \u00faltimos anos temos passado por locais \u00fanicos para casar em Portugal a fim de retratar este dia n\u00e3o s\u00f3 em fotografia como tamb\u00e9m em v\u00eddeo. O espa\u00e7o que &#8230;<\/p>\n","protected":false},"author":1,"featured_media":8993,"comment_status":"open","ping_status":"open","sticky":false,"template":"","format":"standard","meta":[],"categories":[196,217,249,234],"tags":[577,576,559,574,571,226,572,573,255],"yoast_head":"<!-- This site is optimized with the Yoast SEO Premium plugin v15.7 - https:\/\/yoast.com\/wordpress\/plugins\/seo\/ -->\n<title>10 espa\u00e7os inspiradores para o seu casamento | Fotografia<\/title>\n<meta name=\"description\" content=\"Como fot\u00f3grafos de casamento, ao longo dos \u00faltimos anos temos passado por locais \u00fanicos para casar em Portugal; Veja aqui algumas fotografias de espa\u00e7os de casamento.\" \/>\n<meta name=\"robots\" content=\"index, follow, max-snippet:-1, max-image-preview:large, max-video-preview:-1\" \/>\n<link rel=\"canonical\" href=\"https:\/\/www.vitorgordo.pt\/pt-pt\/espacos-casamento\/\" \/>\n<meta property=\"og:locale\" content=\"pt_PT\" \/>\n<meta property=\"og:type\" content=\"article\" \/>\n<meta property=\"og:title\" content=\"10 espa\u00e7os inspiradores para o seu casamento | Fotografia\" \/>\n<meta property=\"og:description\" content=\"Como fot\u00f3grafos de casamento, ao longo dos \u00faltimos anos temos passado por locais \u00fanicos para casar em Portugal; Veja aqui algumas fotografias de espa\u00e7os de casamento.\" \/>\n<meta property=\"og:url\" content=\"https:\/\/www.vitorgordo.pt\/pt-pt\/espacos-casamento\/\" \/>\n<meta property=\"og:site_name\" content=\"Vitor Gordo | Fot\u00f3grafo de Casamento Portugal\" \/>\n<meta property=\"article:publisher\" content=\"https:\/\/www.facebook.com\/vitorgordophoto\" \/>\n<meta property=\"article:published_time\" content=\"2021-01-29T12:43:59+00:00\" \/>\n<meta property=\"article:modified_time\" content=\"2021-02-10T12:03:51+00:00\" \/>\n<meta property=\"og:image\" content=\"https:\/\/www.vitorgordo.pt\/wp-content\/uploads\/2021\/01\/melhores_si\u0301tios_para_casar22.jpg\" \/>\n\t<meta property=\"og:image:width\" content=\"900\" \/>\n\t<meta property=\"og:image:height\" content=\"600\" \/>\n<meta name=\"twitter:card\" content=\"summary\" \/>\n<meta name=\"twitter:label1\" content=\"Tempo estimado de leitura\">\n\t<meta name=\"twitter:data1\" content=\"12 minutos\">\n<script type=\"application\/ld+json\" class=\"yoast-schema-graph\">{\"@context\":\"https:\/\/schema.org\",\"@graph\":[{\"@type\":\"Organization\",\"@id\":\"https:\/\/www.vitorgordo.pt\/pt-pt\/#organization\",\"name\":\"Vitor Gordo Photography\",\"url\":\"https:\/\/www.vitorgordo.pt\/pt-pt\/\",\"sameAs\":[\"https:\/\/www.facebook.com\/vitorgordophoto\",\"https:\/\/instagram.com\/vitorgordo_photography\"],\"logo\":{\"@type\":\"ImageObject\",\"@id\":\"https:\/\/www.vitorgordo.pt\/pt-pt\/#logo\",\"inLanguage\":\"pt-PT\",\"url\":\"https:\/\/www.vitorgordo.pt\/wp-content\/uploads\/2015\/08\/SVfinal.jpg\",\"width\":1438,\"height\":1418,\"caption\":\"Vitor Gordo Photography\"},\"image\":{\"@id\":\"https:\/\/www.vitorgordo.pt\/pt-pt\/#logo\"}},{\"@type\":\"WebSite\",\"@id\":\"https:\/\/www.vitorgordo.pt\/pt-pt\/#website\",\"url\":\"https:\/\/www.vitorgordo.pt\/pt-pt\/\",\"name\":\"Vitor Gordo | Portugal Wedding Photographer\",\"description\":\"Fot\\u00f3grafo e Videografo de Casamento . A nossa vis\\u00e3o emocional. A vossa Hist\\u00f3ria.\",\"publisher\":{\"@id\":\"https:\/\/www.vitorgordo.pt\/pt-pt\/#organization\"},\"potentialAction\":[{\"@type\":\"SearchAction\",\"target\":\"https:\/\/www.vitorgordo.pt\/pt-pt\/?s={search_term_string}\",\"query-input\":\"required name=search_term_string\"}],\"inLanguage\":\"pt-PT\"},{\"@type\":\"ImageObject\",\"@id\":\"https:\/\/www.vitorgordo.pt\/pt-pt\/espacos-casamento\/#primaryimage\",\"inLanguage\":\"pt-PT\",\"url\":\"https:\/\/www.vitorgordo.pt\/wp-content\/uploads\/2021\/01\/melhores_si\\u0301tios_para_casar22.jpg\",\"width\":900,\"height\":600,\"caption\":\"destination wedding\"},{\"@type\":\"WebPage\",\"@id\":\"https:\/\/www.vitorgordo.pt\/pt-pt\/espacos-casamento\/#webpage\",\"url\":\"https:\/\/www.vitorgordo.pt\/pt-pt\/espacos-casamento\/\",\"name\":\"10 espa\\u00e7os inspiradores para o seu casamento | Fotografia\",\"isPartOf\":{\"@id\":\"https:\/\/www.vitorgordo.pt\/pt-pt\/#website\"},\"primaryImageOfPage\":{\"@id\":\"https:\/\/www.vitorgordo.pt\/pt-pt\/espacos-casamento\/#primaryimage\"},\"datePublished\":\"2021-01-29T12:43:59+00:00\",\"dateModified\":\"2021-02-10T12:03:51+00:00\",\"description\":\"Como fot\\u00f3grafos de casamento, ao longo dos \\u00faltimos anos temos passado por locais \\u00fanicos para casar em Portugal; Veja aqui algumas fotografias de espa\\u00e7os de casamento.\",\"inLanguage\":\"pt-PT\",\"potentialAction\":[{\"@type\":\"ReadAction\",\"target\":[\"https:\/\/www.vitorgordo.pt\/pt-pt\/espacos-casamento\/\"]}]},{\"@type\":\"Article\",\"@id\":\"https:\/\/www.vitorgordo.pt\/pt-pt\/espacos-casamento\/#article\",\"isPartOf\":{\"@id\":\"https:\/\/www.vitorgordo.pt\/pt-pt\/espacos-casamento\/#webpage\"},\"author\":{\"@id\":\"https:\/\/www.vitorgordo.pt\/pt-pt\/#\/schema\/person\/bdf2537d20bb57085fd9dcd2269b47fb\"},\"headline\":\"10 espa\\u00e7os inspiradores para o seu casamento | Fotografia\",\"datePublished\":\"2021-01-29T12:43:59+00:00\",\"dateModified\":\"2021-02-10T12:03:51+00:00\",\"mainEntityOfPage\":{\"@id\":\"https:\/\/www.vitorgordo.pt\/pt-pt\/espacos-casamento\/#webpage\"},\"commentCount\":0,\"publisher\":{\"@id\":\"https:\/\/www.vitorgordo.pt\/pt-pt\/#organization\"},\"image\":{\"@id\":\"https:\/\/www.vitorgordo.pt\/pt-pt\/espacos-casamento\/#primaryimage\"},\"keywords\":\"Casamento Alentejo,Casamento Estufa Real,casamento solar de pancas,Elopement A\\u00e7ores,espa\\u00e7os casamento,fot\\u00f3grafo de casamento,quintas de casamento,video de casamento,vitor gordo\",\"articleSection\":\"Casamentos,Fotografia \/\/ Inspiration,Wedding Destination Portugal,Wedding Stories\",\"inLanguage\":\"pt-PT\",\"potentialAction\":[{\"@type\":\"CommentAction\",\"name\":\"Comment\",\"target\":[\"https:\/\/www.vitorgordo.pt\/pt-pt\/espacos-casamento\/#respond\"]}]},{\"@type\":\"Person\",\"@id\":\"https:\/\/www.vitorgordo.pt\/pt-pt\/#\/schema\/person\/bdf2537d20bb57085fd9dcd2269b47fb\",\"name\":\"vitorgordo\",\"image\":{\"@type\":\"ImageObject\",\"@id\":\"https:\/\/www.vitorgordo.pt\/pt-pt\/#personlogo\",\"inLanguage\":\"pt-PT\",\"url\":\"https:\/\/secure.gravatar.com\/avatar\/757897e59297a942ecd4af7ba2dd1f19?s=96&d=mm&r=g\",\"caption\":\"vitorgordo\"},\"sameAs\":[\"http:\/\/www.vitorgordo.pt\"]}]}<\/script>\n<!-- \/ Yoast SEO Premium plugin. -->","_links":{"self":[{"href":"https:\/\/www.vitorgordo.pt\/pt-pt\/wp-json\/wp\/v2\/posts\/8950\/"}],"collection":[{"href":"https:\/\/www.vitorgordo.pt\/pt-pt\/wp-json\/wp\/v2\/posts\/"}],"about":[{"href":"https:\/\/www.vitorgordo.pt\/pt-pt\/wp-json\/wp\/v2\/types\/post\/"}],"author":[{"embeddable":true,"href":"https:\/\/www.vitorgordo.pt\/pt-pt\/wp-json\/wp\/v2\/users\/1\/"}],"replies":[{"embeddable":true,"href":"https:\/\/www.vitorgordo.pt\/pt-pt\/wp-json\/wp\/v2\/comments\/?post=8950"}],"version-history":[{"count":62,"href":"https:\/\/www.vitorgordo.pt\/pt-pt\/wp-json\/wp\/v2\/posts\/8950\/revisions\/"}],"predecessor-version":[{"id":9246,"href":"https:\/\/www.vitorgordo.pt\/pt-pt\/wp-json\/wp\/v2\/posts\/8950\/revisions\/9246\/"}],"wp:featuredmedia":[{"embeddable":true,"href":"https:\/\/www.vitorgordo.pt\/pt-pt\/wp-json\/wp\/v2\/media\/8993\/"}],"wp:attachment":[{"href":"https:\/\/www.vitorgordo.pt\/pt-pt\/wp-json\/wp\/v2\/media\/?parent=8950"}],"wp:term":[{"taxonomy":"category","embeddable":true,"href":"https:\/\/www.vitorgordo.pt\/pt-pt\/wp-json\/wp\/v2\/categories\/?post=8950"},{"taxonomy":"post_tag","embeddable":true,"href":"https:\/\/www.vitorgordo.pt\/pt-pt\/wp-json\/wp\/v2\/tags\/?post=8950"}],"curies":[{"name":"wp","href":"https:\/\/api.w.org\/{rel}","templated":true}]}}